{"id":16609,"date":"2018-10-08T10:10:01","date_gmt":"2018-10-08T09:10:01","guid":{"rendered":"http:\/\/www.uhu.es\/etsi\/?p=16609"},"modified":"2018-10-08T10:22:07","modified_gmt":"2018-10-08T09:22:07","slug":"feria-de-la-salud-y-la-v-semana-de-la-salud","status":"publish","type":"post","link":"https:\/\/www.uhu.es\/etsi\/feria-de-la-salud-y-la-v-semana-de-la-salud\/","title":{"rendered":"I Feria de la Salud y la V Semana de la Salud"},"content":{"rendered":"<p><img decoding=\"async\" src=\"https:\/\/www.uhu.es\/etsi\/wp-content\/uploads\/2018\/10\/feria_salud.jpg\" alt=\"image\" \/><\/p>\n<p>La Universidad de Huelva celebrar\u00e1 del 15 al 19 de octubre la \u201c<strong>Semana de la Salud<\/strong>\u201d. Esta actividad tiene como objetivo concienciar y sensibilizar a la comunidad universitaria la necesidad de poner en pr\u00e1ctica h\u00e1bitos y estilos de vida saludable. Este a\u00f1o, la campa\u00f1a lleva como lema \u201c<strong>La salud es tu riqueza. CUIDA-TE<\/strong>\u201d.<\/p>\n<p>La Direcci\u00f3n de Salud ha dise\u00f1ado un programa compuesto por m\u00e1s de una veintena de actividades, que se desarrollar\u00e1n en horario de ma\u00f1ana y tarde en el Campus de El Carmen y que van desde las relacionadas con la actividad f\u00edsica, relajaci\u00f3n, hasta las que tienen que ver con el bienestar emocional, la alimentaci\u00f3n o la sexualidad, entre otras cuestiones. Como innovaci\u00f3n de esta I Feria de la Salud se han incorporado a los talleres habituales, stands informativos y mesas debate que versan sobre temas actuales relacionados con la salud.<br \/>\nEl lunes 15 inauguramos la semana con la Mesa debate: Seguridad, Salud y Universidad sobre Violencia de G\u00e9nero, acoso y ciberacoso, cuyos ponentes son los referentes de este tema en la Guardia Civil, Policia Nacional y Policia Local de Huelva.<\/p>\n<p>Otra Innovaci\u00f3n es la celebraci\u00f3n del primer concurso \u201c<strong>Por una alimentaci\u00f3n saludable<\/strong>\u201d, cuyo fallo se dar\u00e1 durante la actividad Speak Health Corner, donde adem\u00e1s de m\u00fasica y un entorno relajado, referentes de salud de nuestra provincia expondr\u00e1n en formatos de \u201cp\u00edldora informativa\u201d sus experiencias m\u00e1s atractivas, y el p\u00fablico podr\u00e1 contagiarse y subir a hablar sobre sus percepciones de salud.<\/p>\n<p>Para m\u00e1s informaci\u00f3n e inscripciones: <a href=\"http:\/\/www.uhu.es\/sacu\/salud\"> <strong>www.uhu.es\/sacu\/salud<\/strong><\/a><\/p>\n","protected":false},"excerpt":{"rendered":"<p>La Universidad de Huelva celebrar\u00e1 del 15 al 19 de octubre la \u201cSemana de la Salud\u201d. Esta actividad tiene como &#8230; <\/p>\n<div><a href=\"https:\/\/www.uhu.es\/etsi\/feria-de-la-salud-y-la-v-semana-de-la-salud\/\" class=\"more-link\">Read More<\/a><\/div>\n","protected":false},"author":7,"featured_media":0,"comment_status":"closed","ping_status":"closed","sticky":false,"template":"","format":"standard","meta":[],"categories":[103],"tags":[],"yoast_head":"<!-- This site is optimized with the Yoast SEO plugin v20.2.1 - https:\/\/yoast.com\/wordpress\/plugins\/seo\/ -->\n<title>I Feria de la Salud y la V Semana de la Salud - ETSI, UHU<\/title>\n<meta name=\"robots\" content=\"index, follow, max-snippet:-1, max-image-preview:large, max-video-preview:-1\" \/>\n<link rel=\"canonical\" href=\"https:\/\/www.uhu.es\/etsi\/feria-de-la-salud-y-la-v-semana-de-la-salud\/\" \/>\n<meta property=\"og:locale\" content=\"es_ES\" \/>\n<meta property=\"og:type\" content=\"article\" \/>\n<meta property=\"og:title\" content=\"I Feria de la Salud y la V Semana de la Salud - ETSI, UHU\" \/>\n<meta property=\"og:description\" content=\"La Universidad de Huelva celebrar\u00e1 del 15 al 19 de octubre la \u201cSemana de la Salud\u201d. Esta actividad tiene como ... Read More\" \/>\n<meta property=\"og:url\" content=\"https:\/\/www.uhu.es\/etsi\/feria-de-la-salud-y-la-v-semana-de-la-salud\/\" \/>\n<meta property=\"og:site_name\" content=\"ETSI, UHU\" \/>\n<meta property=\"article:published_time\" content=\"2018-10-08T09:10:01+00:00\" \/>\n<meta property=\"article:modified_time\" content=\"2018-10-08T09:22:07+00:00\" \/>\n<meta property=\"og:image\" content=\"http:\/\/www.uhu.es\/etsi\/wp-content\/uploads\/2018\/10\/feria_salud.jpg\" \/>\n<meta name=\"author\" content=\"Webmaster ETSI UHU\" \/>\n<meta name=\"twitter:label1\" content=\"Written by\" \/>\n\t<meta name=\"twitter:data1\" content=\"Webmaster ETSI UHU\" \/>\n\t<meta name=\"twitter:label2\" content=\"Est. reading time\" \/>\n\t<meta name=\"twitter:data2\" content=\"1 minute\" \/>\n<script type=\"application\/ld+json\" class=\"yoast-schema-graph\">{\"@context\":\"https:\/\/schema.org\",\"@graph\":[{\"@type\":\"Article\",\"@id\":\"https:\/\/www.uhu.es\/etsi\/feria-de-la-salud-y-la-v-semana-de-la-salud\/#article\",\"isPartOf\":{\"@id\":\"https:\/\/www.uhu.es\/etsi\/feria-de-la-salud-y-la-v-semana-de-la-salud\/\"},\"author\":{\"name\":\"Webmaster ETSI UHU\",\"@id\":\"https:\/\/www.uhu.es\/etsi\/#\/schema\/person\/0be60ebb90d6eb6178b4e7931aab375b\"},\"headline\":\"I Feria de la Salud y la V Semana de la Salud\",\"datePublished\":\"2018-10-08T09:10:01+00:00\",\"dateModified\":\"2018-10-08T09:22:07+00:00\",\"mainEntityOfPage\":{\"@id\":\"https:\/\/www.uhu.es\/etsi\/feria-de-la-salud-y-la-v-semana-de-la-salud\/\"},\"wordCount\":287,\"publisher\":{\"@id\":\"https:\/\/www.uhu.es\/etsi\/#organization\"},\"articleSection\":[\"Actividades\"],\"inLanguage\":\"es-ES\"},{\"@type\":\"WebPage\",\"@id\":\"https:\/\/www.uhu.es\/etsi\/feria-de-la-salud-y-la-v-semana-de-la-salud\/\",\"url\":\"https:\/\/www.uhu.es\/etsi\/feria-de-la-salud-y-la-v-semana-de-la-salud\/\",\"name\":\"I Feria de la Salud y la V Semana de la Salud - ETSI, UHU\",\"isPartOf\":{\"@id\":\"https:\/\/www.uhu.es\/etsi\/#website\"},\"datePublished\":\"2018-10-08T09:10:01+00:00\",\"dateModified\":\"2018-10-08T09:22:07+00:00\",\"breadcrumb\":{\"@id\":\"https:\/\/www.uhu.es\/etsi\/feria-de-la-salud-y-la-v-semana-de-la-salud\/#breadcrumb\"},\"inLanguage\":\"es-ES\",\"potentialAction\":[{\"@type\":\"ReadAction\",\"target\":[\"https:\/\/www.uhu.es\/etsi\/feria-de-la-salud-y-la-v-semana-de-la-salud\/\"]}]},{\"@type\":\"BreadcrumbList\",\"@id\":\"https:\/\/www.uhu.es\/etsi\/feria-de-la-salud-y-la-v-semana-de-la-salud\/#breadcrumb\",\"itemListElement\":[{\"@type\":\"ListItem\",\"position\":1,\"name\":\"Portada\",\"item\":\"https:\/\/www.uhu.es\/etsi\/\"},{\"@type\":\"ListItem\",\"position\":2,\"name\":\"I Feria de la Salud y la V Semana de la Salud\"}]},{\"@type\":\"WebSite\",\"@id\":\"https:\/\/www.uhu.es\/etsi\/#website\",\"url\":\"https:\/\/www.uhu.es\/etsi\/\",\"name\":\"ETSI, UHU\",\"description\":\"Escuela T\u00e9cnica Superior de  Ingenier\u00eda de la Universidad de Huelva\",\"publisher\":{\"@id\":\"https:\/\/www.uhu.es\/etsi\/#organization\"},\"potentialAction\":[{\"@type\":\"SearchAction\",\"target\":{\"@type\":\"EntryPoint\",\"urlTemplate\":\"https:\/\/www.uhu.es\/etsi\/?s={search_term_string}\"},\"query-input\":\"required name=search_term_string\"}],\"inLanguage\":\"es-ES\"},{\"@type\":\"Organization\",\"@id\":\"https:\/\/www.uhu.es\/etsi\/#organization\",\"name\":\"UHU ETSI\",\"url\":\"https:\/\/www.uhu.es\/etsi\/\",\"logo\":{\"@type\":\"ImageObject\",\"inLanguage\":\"es-ES\",\"@id\":\"https:\/\/www.uhu.es\/etsi\/#\/schema\/logo\/image\/\",\"url\":\"http:\/\/www.uhu.es\/etsi\/wp-content\/uploads\/2016\/02\/membrete_ETSI.jpg\",\"contentUrl\":\"http:\/\/www.uhu.es\/etsi\/wp-content\/uploads\/2016\/02\/membrete_ETSI.jpg\",\"width\":423,\"height\":81,\"caption\":\"UHU ETSI\"},\"image\":{\"@id\":\"https:\/\/www.uhu.es\/etsi\/#\/schema\/logo\/image\/\"}},{\"@type\":\"Person\",\"@id\":\"https:\/\/www.uhu.es\/etsi\/#\/schema\/person\/0be60ebb90d6eb6178b4e7931aab375b\",\"name\":\"Webmaster ETSI UHU\",\"image\":{\"@type\":\"ImageObject\",\"inLanguage\":\"es-ES\",\"@id\":\"https:\/\/www.uhu.es\/etsi\/#\/schema\/person\/image\/\",\"url\":\"https:\/\/secure.gravatar.com\/avatar\/f9197cc9116f1efc0d73935d997efa0a?s=96&d=mm&r=g\",\"contentUrl\":\"https:\/\/secure.gravatar.com\/avatar\/f9197cc9116f1efc0d73935d997efa0a?s=96&d=mm&r=g\",\"caption\":\"Webmaster ETSI UHU\"},\"sameAs\":[\"http:\/\/www.uhu.es\/etsi\"],\"url\":\"https:\/\/www.uhu.es\/etsi\/author\/webmaster\/\"}]}<\/script>\n<!-- \/ Yoast SEO plugin. -->","yoast_head_json":{"title":"I Feria de la Salud y la V Semana de la Salud - ETSI, UHU","robots":{"index":"index","follow":"follow","max-snippet":"max-snippet:-1","max-image-preview":"max-image-preview:large","max-video-preview":"max-video-preview:-1"},"canonical":"https:\/\/www.uhu.es\/etsi\/feria-de-la-salud-y-la-v-semana-de-la-salud\/","og_locale":"es_ES","og_type":"article","og_title":"I Feria de la Salud y la V Semana de la Salud - ETSI, UHU","og_description":"La Universidad de Huelva celebrar\u00e1 del 15 al 19 de octubre la \u201cSemana de la Salud\u201d. Esta actividad tiene como ... Read More","og_url":"https:\/\/www.uhu.es\/etsi\/feria-de-la-salud-y-la-v-semana-de-la-salud\/","og_site_name":"ETSI, UHU","article_published_time":"2018-10-08T09:10:01+00:00","article_modified_time":"2018-10-08T09:22:07+00:00","og_image":[{"url":"http:\/\/www.uhu.es\/etsi\/wp-content\/uploads\/2018\/10\/feria_salud.jpg"}],"author":"Webmaster ETSI UHU","twitter_misc":{"Written by":"Webmaster ETSI UHU","Est. reading time":"1 minute"},"schema":{"@context":"https:\/\/schema.org","@graph":[{"@type":"Article","@id":"https:\/\/www.uhu.es\/etsi\/feria-de-la-salud-y-la-v-semana-de-la-salud\/#article","isPartOf":{"@id":"https:\/\/www.uhu.es\/etsi\/feria-de-la-salud-y-la-v-semana-de-la-salud\/"},"author":{"name":"Webmaster ETSI UHU","@id":"https:\/\/www.uhu.es\/etsi\/#\/schema\/person\/0be60ebb90d6eb6178b4e7931aab375b"},"headline":"I Feria de la Salud y la V Semana de la Salud","datePublished":"2018-10-08T09:10:01+00:00","dateModified":"2018-10-08T09:22:07+00:00","mainEntityOfPage":{"@id":"https:\/\/www.uhu.es\/etsi\/feria-de-la-salud-y-la-v-semana-de-la-salud\/"},"wordCount":287,"publisher":{"@id":"https:\/\/www.uhu.es\/etsi\/#organization"},"articleSection":["Actividades"],"inLanguage":"es-ES"},{"@type":"WebPage","@id":"https:\/\/www.uhu.es\/etsi\/feria-de-la-salud-y-la-v-semana-de-la-salud\/","url":"https:\/\/www.uhu.es\/etsi\/feria-de-la-salud-y-la-v-semana-de-la-salud\/","name":"I Feria de la Salud y la V Semana de la Salud - ETSI, UHU","isPartOf":{"@id":"https:\/\/www.uhu.es\/etsi\/#website"},"datePublished":"2018-10-08T09:10:01+00:00","dateModified":"2018-10-08T09:22:07+00:00","breadcrumb":{"@id":"https:\/\/www.uhu.es\/etsi\/feria-de-la-salud-y-la-v-semana-de-la-salud\/#breadcrumb"},"inLanguage":"es-ES","potentialAction":[{"@type":"ReadAction","target":["https:\/\/www.uhu.es\/etsi\/feria-de-la-salud-y-la-v-semana-de-la-salud\/"]}]},{"@type":"BreadcrumbList","@id":"https:\/\/www.uhu.es\/etsi\/feria-de-la-salud-y-la-v-semana-de-la-salud\/#breadcrumb","itemListElement":[{"@type":"ListItem","position":1,"name":"Portada","item":"https:\/\/www.uhu.es\/etsi\/"},{"@type":"ListItem","position":2,"name":"I Feria de la Salud y la V Semana de la Salud"}]},{"@type":"WebSite","@id":"https:\/\/www.uhu.es\/etsi\/#website","url":"https:\/\/www.uhu.es\/etsi\/","name":"ETSI, UHU","description":"Escuela T\u00e9cnica Superior de  Ingenier\u00eda de la Universidad de Huelva","publisher":{"@id":"https:\/\/www.uhu.es\/etsi\/#organization"},"potentialAction":[{"@type":"SearchAction","target":{"@type":"EntryPoint","urlTemplate":"https:\/\/www.uhu.es\/etsi\/?s={search_term_string}"},"query-input":"required name=search_term_string"}],"inLanguage":"es-ES"},{"@type":"Organization","@id":"https:\/\/www.uhu.es\/etsi\/#organization","name":"UHU ETSI","url":"https:\/\/www.uhu.es\/etsi\/","logo":{"@type":"ImageObject","inLanguage":"es-ES","@id":"https:\/\/www.uhu.es\/etsi\/#\/schema\/logo\/image\/","url":"http:\/\/www.uhu.es\/etsi\/wp-content\/uploads\/2016\/02\/membrete_ETSI.jpg","contentUrl":"http:\/\/www.uhu.es\/etsi\/wp-content\/uploads\/2016\/02\/membrete_ETSI.jpg","width":423,"height":81,"caption":"UHU ETSI"},"image":{"@id":"https:\/\/www.uhu.es\/etsi\/#\/schema\/logo\/image\/"}},{"@type":"Person","@id":"https:\/\/www.uhu.es\/etsi\/#\/schema\/person\/0be60ebb90d6eb6178b4e7931aab375b","name":"Webmaster ETSI UHU","image":{"@type":"ImageObject","inLanguage":"es-ES","@id":"https:\/\/www.uhu.es\/etsi\/#\/schema\/person\/image\/","url":"https:\/\/secure.gravatar.com\/avatar\/f9197cc9116f1efc0d73935d997efa0a?s=96&d=mm&r=g","contentUrl":"https:\/\/secure.gravatar.com\/avatar\/f9197cc9116f1efc0d73935d997efa0a?s=96&d=mm&r=g","caption":"Webmaster ETSI UHU"},"sameAs":["http:\/\/www.uhu.es\/etsi"],"url":"https:\/\/www.uhu.es\/etsi\/author\/webmaster\/"}]}},"_links":{"self":[{"href":"https:\/\/www.uhu.es\/etsi\/wp-json\/wp\/v2\/posts\/16609"}],"collection":[{"href":"https:\/\/www.uhu.es\/etsi\/wp-json\/wp\/v2\/posts"}],"about":[{"href":"https:\/\/www.uhu.es\/etsi\/wp-json\/wp\/v2\/types\/post"}],"author":[{"embeddable":true,"href":"https:\/\/www.uhu.es\/etsi\/wp-json\/wp\/v2\/users\/7"}],"replies":[{"embeddable":true,"href":"https:\/\/www.uhu.es\/etsi\/wp-json\/wp\/v2\/comments?post=16609"}],"version-history":[{"count":4,"href":"https:\/\/www.uhu.es\/etsi\/wp-json\/wp\/v2\/posts\/16609\/revisions"}],"predecessor-version":[{"id":16617,"href":"https:\/\/www.uhu.es\/etsi\/wp-json\/wp\/v2\/posts\/16609\/revisions\/16617"}],"wp:attachment":[{"href":"https:\/\/www.uhu.es\/etsi\/wp-json\/wp\/v2\/media?parent=16609"}],"wp:term":[{"taxonomy":"category","embeddable":true,"href":"https:\/\/www.uhu.es\/etsi\/wp-json\/wp\/v2\/categories?post=16609"},{"taxonomy":"post_tag","embeddable":true,"href":"https:\/\/www.uhu.es\/etsi\/wp-json\/wp\/v2\/tags?post=16609"}],"curies":[{"name":"wp","href":"https:\/\/api.w.org\/{rel}","templated":true}]}}