{"id":24628,"date":"2024-11-07T10:15:42","date_gmt":"2024-11-07T09:15:42","guid":{"rendered":"https:\/\/www.uhu.es\/etsi\/?p=24628"},"modified":"2024-11-11T12:17:06","modified_gmt":"2024-11-11T11:17:06","slug":"xxiii-foro-universitario-de-empleo","status":"publish","type":"post","link":"https:\/\/www.uhu.es\/etsi\/xxiii-foro-universitario-de-empleo\/","title":{"rendered":"XXIII Foro Universitario de Empleo"},"content":{"rendered":"<p><body><br \/>\nEl XXIII Foro Universitario de Empleo se celebrar\u00e1 los d\u00edas 13 y 14 de noviembre de 2024 en la Escuela T\u00e9cnica Superior de Ingenieria.<\/p>\n<p>En esta edici\u00f3n, se ha querido abordar la cuesti\u00f3n del &#8220;empleo juvenil&#8221;. Se va a contar con una especial edici\u00f3n del &#8220;Job-ven&#8221; (Encuentros con empresas) que se realizar\u00e1 en la sala acristalada de la ETSI, el pr\u00f3ximo 14 de noviembre en horario de 12:00 a 14:00. Las empresas participantes son: Cepsa (Moeve), Inerco, Atlantic Copper, Ariema, Stemdo, Matsa y Venator. <\/p>\n<p>Este evento representa una gran oportunidad para conocer su actividad empresarial y sobre todo las necesidades\/oportunidades que desde el punto de vista laboral tienen.<\/p>\n<p><a href=\"http:\/\/uhu.es\/soipea\/foro-empleo\/2024\/indexProduccion.php\">Web Informativa<\/a><\/p>\n<p><body><\/p>\n<p><a href=\"https:\/\/www.uhu.es\/etsi\/wp-content\/uploads\/2024\/11\/cartel-big.jpg\"><img decoding=\"async\" loading=\"lazy\" src=\"https:\/\/www.uhu.es\/etsi\/wp-content\/uploads\/2024\/11\/cartel-big.jpg\" alt=\"\" width=\"1024\" height=\"709\" class=\"alignnone size-full wp-image-24541\" \/><\/a><\/p>\n","protected":false},"excerpt":{"rendered":"<p>El XXIII Foro Universitario de Empleo se celebrar\u00e1 los d\u00edas 13 y 14 de noviembre de 2024 en la Escuela &#8230; <\/p>\n<div><a href=\"https:\/\/www.uhu.es\/etsi\/xxiii-foro-universitario-de-empleo\/\" class=\"more-link\">Read More<\/a><\/div>\n","protected":false},"author":7,"featured_media":0,"comment_status":"closed","ping_status":"closed","sticky":false,"template":"","format":"standard","meta":[],"categories":[103],"tags":[],"yoast_head":"<!-- This site is optimized with the Yoast SEO plugin v20.2.1 - https:\/\/yoast.com\/wordpress\/plugins\/seo\/ -->\n<title>XXIII Foro Universitario de Empleo - ETSI, UHU<\/title>\n<meta name=\"robots\" content=\"index, follow, max-snippet:-1, max-image-preview:large, max-video-preview:-1\" \/>\n<link rel=\"canonical\" href=\"https:\/\/www.uhu.es\/etsi\/xxiii-foro-universitario-de-empleo\/\" \/>\n<meta property=\"og:locale\" content=\"es_ES\" \/>\n<meta property=\"og:type\" content=\"article\" \/>\n<meta property=\"og:title\" content=\"XXIII Foro Universitario de Empleo - ETSI, UHU\" \/>\n<meta property=\"og:description\" content=\"El XXIII Foro Universitario de Empleo se celebrar\u00e1 los d\u00edas 13 y 14 de noviembre de 2024 en la Escuela ... Read More\" \/>\n<meta property=\"og:url\" content=\"https:\/\/www.uhu.es\/etsi\/xxiii-foro-universitario-de-empleo\/\" \/>\n<meta property=\"og:site_name\" content=\"ETSI, UHU\" \/>\n<meta property=\"article:published_time\" content=\"2024-11-07T09:15:42+00:00\" \/>\n<meta property=\"article:modified_time\" content=\"2024-11-11T11:17:06+00:00\" \/>\n<meta property=\"og:image\" content=\"https:\/\/www.uhu.es\/etsi\/wp-content\/uploads\/2024\/11\/cartel-big.jpg\" \/>\n<meta name=\"author\" content=\"Webmaster ETSI UHU\" \/>\n<meta name=\"twitter:label1\" content=\"Written by\" \/>\n\t<meta name=\"twitter:data1\" content=\"Webmaster ETSI UHU\" \/>\n\t<meta name=\"twitter:label2\" content=\"Est. reading time\" \/>\n\t<meta name=\"twitter:data2\" content=\"1 minute\" \/>\n<script type=\"application\/ld+json\" class=\"yoast-schema-graph\">{\"@context\":\"https:\/\/schema.org\",\"@graph\":[{\"@type\":\"Article\",\"@id\":\"https:\/\/www.uhu.es\/etsi\/xxiii-foro-universitario-de-empleo\/#article\",\"isPartOf\":{\"@id\":\"https:\/\/www.uhu.es\/etsi\/xxiii-foro-universitario-de-empleo\/\"},\"author\":{\"name\":\"Webmaster ETSI UHU\",\"@id\":\"https:\/\/www.uhu.es\/etsi\/#\/schema\/person\/0be60ebb90d6eb6178b4e7931aab375b\"},\"headline\":\"XXIII Foro Universitario de Empleo\",\"datePublished\":\"2024-11-07T09:15:42+00:00\",\"dateModified\":\"2024-11-11T11:17:06+00:00\",\"mainEntityOfPage\":{\"@id\":\"https:\/\/www.uhu.es\/etsi\/xxiii-foro-universitario-de-empleo\/\"},\"wordCount\":116,\"publisher\":{\"@id\":\"https:\/\/www.uhu.es\/etsi\/#organization\"},\"articleSection\":[\"Actividades\"],\"inLanguage\":\"es-ES\"},{\"@type\":\"WebPage\",\"@id\":\"https:\/\/www.uhu.es\/etsi\/xxiii-foro-universitario-de-empleo\/\",\"url\":\"https:\/\/www.uhu.es\/etsi\/xxiii-foro-universitario-de-empleo\/\",\"name\":\"XXIII Foro Universitario de Empleo - ETSI, UHU\",\"isPartOf\":{\"@id\":\"https:\/\/www.uhu.es\/etsi\/#website\"},\"datePublished\":\"2024-11-07T09:15:42+00:00\",\"dateModified\":\"2024-11-11T11:17:06+00:00\",\"breadcrumb\":{\"@id\":\"https:\/\/www.uhu.es\/etsi\/xxiii-foro-universitario-de-empleo\/#breadcrumb\"},\"inLanguage\":\"es-ES\",\"potentialAction\":[{\"@type\":\"ReadAction\",\"target\":[\"https:\/\/www.uhu.es\/etsi\/xxiii-foro-universitario-de-empleo\/\"]}]},{\"@type\":\"BreadcrumbList\",\"@id\":\"https:\/\/www.uhu.es\/etsi\/xxiii-foro-universitario-de-empleo\/#breadcrumb\",\"itemListElement\":[{\"@type\":\"ListItem\",\"position\":1,\"name\":\"Portada\",\"item\":\"https:\/\/www.uhu.es\/etsi\/\"},{\"@type\":\"ListItem\",\"position\":2,\"name\":\"XXIII Foro Universitario de Empleo\"}]},{\"@type\":\"WebSite\",\"@id\":\"https:\/\/www.uhu.es\/etsi\/#website\",\"url\":\"https:\/\/www.uhu.es\/etsi\/\",\"name\":\"ETSI, UHU\",\"description\":\"Escuela T\u00e9cnica Superior de  Ingenier\u00eda de la Universidad de Huelva\",\"publisher\":{\"@id\":\"https:\/\/www.uhu.es\/etsi\/#organization\"},\"potentialAction\":[{\"@type\":\"SearchAction\",\"target\":{\"@type\":\"EntryPoint\",\"urlTemplate\":\"https:\/\/www.uhu.es\/etsi\/?s={search_term_string}\"},\"query-input\":\"required name=search_term_string\"}],\"inLanguage\":\"es-ES\"},{\"@type\":\"Organization\",\"@id\":\"https:\/\/www.uhu.es\/etsi\/#organization\",\"name\":\"UHU ETSI\",\"url\":\"https:\/\/www.uhu.es\/etsi\/\",\"logo\":{\"@type\":\"ImageObject\",\"inLanguage\":\"es-ES\",\"@id\":\"https:\/\/www.uhu.es\/etsi\/#\/schema\/logo\/image\/\",\"url\":\"http:\/\/www.uhu.es\/etsi\/wp-content\/uploads\/2016\/02\/membrete_ETSI.jpg\",\"contentUrl\":\"http:\/\/www.uhu.es\/etsi\/wp-content\/uploads\/2016\/02\/membrete_ETSI.jpg\",\"width\":423,\"height\":81,\"caption\":\"UHU ETSI\"},\"image\":{\"@id\":\"https:\/\/www.uhu.es\/etsi\/#\/schema\/logo\/image\/\"}},{\"@type\":\"Person\",\"@id\":\"https:\/\/www.uhu.es\/etsi\/#\/schema\/person\/0be60ebb90d6eb6178b4e7931aab375b\",\"name\":\"Webmaster ETSI UHU\",\"image\":{\"@type\":\"ImageObject\",\"inLanguage\":\"es-ES\",\"@id\":\"https:\/\/www.uhu.es\/etsi\/#\/schema\/person\/image\/\",\"url\":\"https:\/\/secure.gravatar.com\/avatar\/f9197cc9116f1efc0d73935d997efa0a?s=96&d=mm&r=g\",\"contentUrl\":\"https:\/\/secure.gravatar.com\/avatar\/f9197cc9116f1efc0d73935d997efa0a?s=96&d=mm&r=g\",\"caption\":\"Webmaster ETSI UHU\"},\"sameAs\":[\"http:\/\/www.uhu.es\/etsi\"],\"url\":\"https:\/\/www.uhu.es\/etsi\/author\/webmaster\/\"}]}<\/script>\n<!-- \/ Yoast SEO plugin. -->","yoast_head_json":{"title":"XXIII Foro Universitario de Empleo - ETSI, UHU","robots":{"index":"index","follow":"follow","max-snippet":"max-snippet:-1","max-image-preview":"max-image-preview:large","max-video-preview":"max-video-preview:-1"},"canonical":"https:\/\/www.uhu.es\/etsi\/xxiii-foro-universitario-de-empleo\/","og_locale":"es_ES","og_type":"article","og_title":"XXIII Foro Universitario de Empleo - ETSI, UHU","og_description":"El XXIII Foro Universitario de Empleo se celebrar\u00e1 los d\u00edas 13 y 14 de noviembre de 2024 en la Escuela ... Read More","og_url":"https:\/\/www.uhu.es\/etsi\/xxiii-foro-universitario-de-empleo\/","og_site_name":"ETSI, UHU","article_published_time":"2024-11-07T09:15:42+00:00","article_modified_time":"2024-11-11T11:17:06+00:00","og_image":[{"url":"https:\/\/www.uhu.es\/etsi\/wp-content\/uploads\/2024\/11\/cartel-big.jpg"}],"author":"Webmaster ETSI UHU","twitter_misc":{"Written by":"Webmaster ETSI UHU","Est. reading time":"1 minute"},"schema":{"@context":"https:\/\/schema.org","@graph":[{"@type":"Article","@id":"https:\/\/www.uhu.es\/etsi\/xxiii-foro-universitario-de-empleo\/#article","isPartOf":{"@id":"https:\/\/www.uhu.es\/etsi\/xxiii-foro-universitario-de-empleo\/"},"author":{"name":"Webmaster ETSI UHU","@id":"https:\/\/www.uhu.es\/etsi\/#\/schema\/person\/0be60ebb90d6eb6178b4e7931aab375b"},"headline":"XXIII Foro Universitario de Empleo","datePublished":"2024-11-07T09:15:42+00:00","dateModified":"2024-11-11T11:17:06+00:00","mainEntityOfPage":{"@id":"https:\/\/www.uhu.es\/etsi\/xxiii-foro-universitario-de-empleo\/"},"wordCount":116,"publisher":{"@id":"https:\/\/www.uhu.es\/etsi\/#organization"},"articleSection":["Actividades"],"inLanguage":"es-ES"},{"@type":"WebPage","@id":"https:\/\/www.uhu.es\/etsi\/xxiii-foro-universitario-de-empleo\/","url":"https:\/\/www.uhu.es\/etsi\/xxiii-foro-universitario-de-empleo\/","name":"XXIII Foro Universitario de Empleo - ETSI, UHU","isPartOf":{"@id":"https:\/\/www.uhu.es\/etsi\/#website"},"datePublished":"2024-11-07T09:15:42+00:00","dateModified":"2024-11-11T11:17:06+00:00","breadcrumb":{"@id":"https:\/\/www.uhu.es\/etsi\/xxiii-foro-universitario-de-empleo\/#breadcrumb"},"inLanguage":"es-ES","potentialAction":[{"@type":"ReadAction","target":["https:\/\/www.uhu.es\/etsi\/xxiii-foro-universitario-de-empleo\/"]}]},{"@type":"BreadcrumbList","@id":"https:\/\/www.uhu.es\/etsi\/xxiii-foro-universitario-de-empleo\/#breadcrumb","itemListElement":[{"@type":"ListItem","position":1,"name":"Portada","item":"https:\/\/www.uhu.es\/etsi\/"},{"@type":"ListItem","position":2,"name":"XXIII Foro Universitario de Empleo"}]},{"@type":"WebSite","@id":"https:\/\/www.uhu.es\/etsi\/#website","url":"https:\/\/www.uhu.es\/etsi\/","name":"ETSI, UHU","description":"Escuela T\u00e9cnica Superior de  Ingenier\u00eda de la Universidad de Huelva","publisher":{"@id":"https:\/\/www.uhu.es\/etsi\/#organization"},"potentialAction":[{"@type":"SearchAction","target":{"@type":"EntryPoint","urlTemplate":"https:\/\/www.uhu.es\/etsi\/?s={search_term_string}"},"query-input":"required name=search_term_string"}],"inLanguage":"es-ES"},{"@type":"Organization","@id":"https:\/\/www.uhu.es\/etsi\/#organization","name":"UHU ETSI","url":"https:\/\/www.uhu.es\/etsi\/","logo":{"@type":"ImageObject","inLanguage":"es-ES","@id":"https:\/\/www.uhu.es\/etsi\/#\/schema\/logo\/image\/","url":"http:\/\/www.uhu.es\/etsi\/wp-content\/uploads\/2016\/02\/membrete_ETSI.jpg","contentUrl":"http:\/\/www.uhu.es\/etsi\/wp-content\/uploads\/2016\/02\/membrete_ETSI.jpg","width":423,"height":81,"caption":"UHU ETSI"},"image":{"@id":"https:\/\/www.uhu.es\/etsi\/#\/schema\/logo\/image\/"}},{"@type":"Person","@id":"https:\/\/www.uhu.es\/etsi\/#\/schema\/person\/0be60ebb90d6eb6178b4e7931aab375b","name":"Webmaster ETSI UHU","image":{"@type":"ImageObject","inLanguage":"es-ES","@id":"https:\/\/www.uhu.es\/etsi\/#\/schema\/person\/image\/","url":"https:\/\/secure.gravatar.com\/avatar\/f9197cc9116f1efc0d73935d997efa0a?s=96&d=mm&r=g","contentUrl":"https:\/\/secure.gravatar.com\/avatar\/f9197cc9116f1efc0d73935d997efa0a?s=96&d=mm&r=g","caption":"Webmaster ETSI UHU"},"sameAs":["http:\/\/www.uhu.es\/etsi"],"url":"https:\/\/www.uhu.es\/etsi\/author\/webmaster\/"}]}},"_links":{"self":[{"href":"https:\/\/www.uhu.es\/etsi\/wp-json\/wp\/v2\/posts\/24628"}],"collection":[{"href":"https:\/\/www.uhu.es\/etsi\/wp-json\/wp\/v2\/posts"}],"about":[{"href":"https:\/\/www.uhu.es\/etsi\/wp-json\/wp\/v2\/types\/post"}],"author":[{"embeddable":true,"href":"https:\/\/www.uhu.es\/etsi\/wp-json\/wp\/v2\/users\/7"}],"replies":[{"embeddable":true,"href":"https:\/\/www.uhu.es\/etsi\/wp-json\/wp\/v2\/comments?post=24628"}],"version-history":[{"count":5,"href":"https:\/\/www.uhu.es\/etsi\/wp-json\/wp\/v2\/posts\/24628\/revisions"}],"predecessor-version":[{"id":24634,"href":"https:\/\/www.uhu.es\/etsi\/wp-json\/wp\/v2\/posts\/24628\/revisions\/24634"}],"wp:attachment":[{"href":"https:\/\/www.uhu.es\/etsi\/wp-json\/wp\/v2\/media?parent=24628"}],"wp:term":[{"taxonomy":"category","embeddable":true,"href":"https:\/\/www.uhu.es\/etsi\/wp-json\/wp\/v2\/categories?post=24628"},{"taxonomy":"post_tag","embeddable":true,"href":"https:\/\/www.uhu.es\/etsi\/wp-json\/wp\/v2\/tags?post=24628"}],"curies":[{"name":"wp","href":"https:\/\/api.w.org\/{rel}","templated":true}]}}