{"id":25652,"date":"2025-11-14T10:34:36","date_gmt":"2025-11-14T09:34:36","guid":{"rendered":"https:\/\/www.uhu.es\/etsi\/?p=25652"},"modified":"2025-11-14T10:36:29","modified_gmt":"2025-11-14T09:36:29","slug":"xxiv-foro-universitario-de-empleo-y-emprendimiento","status":"publish","type":"post","link":"https:\/\/www.uhu.es\/etsi\/xxiv-foro-universitario-de-empleo-y-emprendimiento\/","title":{"rendered":"XXIV Foro Universitario de Empleo y Emprendimiento"},"content":{"rendered":"<p><a href=\"https:\/\/www.uhu.es\/etsi\/wp-content\/uploads\/2025\/11\/canal-flash-xxiv-foro-empleo(2).jpg\"><img decoding=\"async\" loading=\"lazy\" src=\"https:\/\/www.uhu.es\/etsi\/wp-content\/uploads\/2025\/11\/canal-flash-xxiv-foro-empleo(2).jpg\" alt=\"\" width=\"2222\" height=\"888\" class=\"alignnone size-full wp-image-25397\" \/><\/a><\/p>\n<p>&#8220;Los pr\u00f3ximos 25 y 26 de noviembre celebraremos el XXIV Foro Universitario de Empleo y Emprendimiento en el Sal\u00f3n de Actos de la Facultad de Derecho, bajo el lema: \u201cEmpleo y Emprendimiento en la Era Digital\u201d. <\/p>\n<p>Este foro constituye una cita estrat\u00e9gica para acercar el talento universitario al mundo profesional. Durante dos jornadas contaremos con ponencias y paneles sobre empleabilidad y emprendimiento en tiempos tecnol\u00f3gicos, talleres pr\u00e1cticos sobre CV, entrevistas de selecci\u00f3n, imagen profesional y experiencias emprendedoras.  <\/p>\n<p>Adem\u00e1s, como novedad en esta edici\u00f3n, participan empresas e instituciones con stands, presentando sus programas de empleo y de pr\u00e1cticas directamente.<\/p>\n<p><strong>Inscripciones y programa:<\/strong>: <a href=\"https:\/\/www.uhu.es\/nuevosoipea\/foro-empleo\/2025\/\">https:\/\/www.uhu.es\/nuevosoipea\/foro-empleo\/2025\/<\/a><\/p>\n","protected":false},"excerpt":{"rendered":"<p>&#8220;Los pr\u00f3ximos 25 y 26 de noviembre celebraremos el XXIV Foro Universitario de Empleo y Emprendimiento en el Sal\u00f3n de &#8230; <\/p>\n<div><a href=\"https:\/\/www.uhu.es\/etsi\/xxiv-foro-universitario-de-empleo-y-emprendimiento\/\" class=\"more-link\">Read More<\/a><\/div>\n","protected":false},"author":7,"featured_media":0,"comment_status":"closed","ping_status":"closed","sticky":false,"template":"","format":"standard","meta":[],"categories":[103],"tags":[],"yoast_head":"<!-- This site is optimized with the Yoast SEO plugin v20.2.1 - https:\/\/yoast.com\/wordpress\/plugins\/seo\/ -->\n<title>XXIV Foro Universitario de Empleo y Emprendimiento - ETSI, UHU<\/title>\n<meta name=\"robots\" content=\"index, follow, max-snippet:-1, max-image-preview:large, max-video-preview:-1\" \/>\n<link rel=\"canonical\" href=\"https:\/\/www.uhu.es\/etsi\/xxiv-foro-universitario-de-empleo-y-emprendimiento\/\" \/>\n<meta property=\"og:locale\" content=\"es_ES\" \/>\n<meta property=\"og:type\" content=\"article\" \/>\n<meta property=\"og:title\" content=\"XXIV Foro Universitario de Empleo y Emprendimiento - ETSI, UHU\" \/>\n<meta property=\"og:description\" content=\"&#8220;Los pr\u00f3ximos 25 y 26 de noviembre celebraremos el XXIV Foro Universitario de Empleo y Emprendimiento en el Sal\u00f3n de ... Read More\" \/>\n<meta property=\"og:url\" content=\"https:\/\/www.uhu.es\/etsi\/xxiv-foro-universitario-de-empleo-y-emprendimiento\/\" \/>\n<meta property=\"og:site_name\" content=\"ETSI, UHU\" \/>\n<meta property=\"article:published_time\" content=\"2025-11-14T09:34:36+00:00\" \/>\n<meta property=\"article:modified_time\" content=\"2025-11-14T09:36:29+00:00\" \/>\n<meta property=\"og:image\" content=\"https:\/\/www.uhu.es\/etsi\/wp-content\/uploads\/2025\/11\/canal-flash-xxiv-foro-empleo(2).jpg\" \/>\n<meta name=\"author\" content=\"Webmaster ETSI UHU\" \/>\n<meta name=\"twitter:label1\" content=\"Written by\" \/>\n\t<meta name=\"twitter:data1\" content=\"Webmaster ETSI UHU\" \/>\n\t<meta name=\"twitter:label2\" content=\"Est. reading time\" \/>\n\t<meta name=\"twitter:data2\" content=\"1 minute\" \/>\n<script type=\"application\/ld+json\" class=\"yoast-schema-graph\">{\"@context\":\"https:\/\/schema.org\",\"@graph\":[{\"@type\":\"Article\",\"@id\":\"https:\/\/www.uhu.es\/etsi\/xxiv-foro-universitario-de-empleo-y-emprendimiento\/#article\",\"isPartOf\":{\"@id\":\"https:\/\/www.uhu.es\/etsi\/xxiv-foro-universitario-de-empleo-y-emprendimiento\/\"},\"author\":{\"name\":\"Webmaster ETSI UHU\",\"@id\":\"https:\/\/www.uhu.es\/etsi\/#\/schema\/person\/0be60ebb90d6eb6178b4e7931aab375b\"},\"headline\":\"XXIV Foro Universitario de Empleo y Emprendimiento\",\"datePublished\":\"2025-11-14T09:34:36+00:00\",\"dateModified\":\"2025-11-14T09:36:29+00:00\",\"mainEntityOfPage\":{\"@id\":\"https:\/\/www.uhu.es\/etsi\/xxiv-foro-universitario-de-empleo-y-emprendimiento\/\"},\"wordCount\":121,\"publisher\":{\"@id\":\"https:\/\/www.uhu.es\/etsi\/#organization\"},\"articleSection\":[\"Actividades\"],\"inLanguage\":\"es-ES\"},{\"@type\":\"WebPage\",\"@id\":\"https:\/\/www.uhu.es\/etsi\/xxiv-foro-universitario-de-empleo-y-emprendimiento\/\",\"url\":\"https:\/\/www.uhu.es\/etsi\/xxiv-foro-universitario-de-empleo-y-emprendimiento\/\",\"name\":\"XXIV Foro Universitario de Empleo y Emprendimiento - ETSI, UHU\",\"isPartOf\":{\"@id\":\"https:\/\/www.uhu.es\/etsi\/#website\"},\"datePublished\":\"2025-11-14T09:34:36+00:00\",\"dateModified\":\"2025-11-14T09:36:29+00:00\",\"breadcrumb\":{\"@id\":\"https:\/\/www.uhu.es\/etsi\/xxiv-foro-universitario-de-empleo-y-emprendimiento\/#breadcrumb\"},\"inLanguage\":\"es-ES\",\"potentialAction\":[{\"@type\":\"ReadAction\",\"target\":[\"https:\/\/www.uhu.es\/etsi\/xxiv-foro-universitario-de-empleo-y-emprendimiento\/\"]}]},{\"@type\":\"BreadcrumbList\",\"@id\":\"https:\/\/www.uhu.es\/etsi\/xxiv-foro-universitario-de-empleo-y-emprendimiento\/#breadcrumb\",\"itemListElement\":[{\"@type\":\"ListItem\",\"position\":1,\"name\":\"Portada\",\"item\":\"https:\/\/www.uhu.es\/etsi\/\"},{\"@type\":\"ListItem\",\"position\":2,\"name\":\"XXIV Foro Universitario de Empleo y Emprendimiento\"}]},{\"@type\":\"WebSite\",\"@id\":\"https:\/\/www.uhu.es\/etsi\/#website\",\"url\":\"https:\/\/www.uhu.es\/etsi\/\",\"name\":\"ETSI, UHU\",\"description\":\"Escuela T\u00e9cnica Superior de  Ingenier\u00eda de la Universidad de Huelva\",\"publisher\":{\"@id\":\"https:\/\/www.uhu.es\/etsi\/#organization\"},\"potentialAction\":[{\"@type\":\"SearchAction\",\"target\":{\"@type\":\"EntryPoint\",\"urlTemplate\":\"https:\/\/www.uhu.es\/etsi\/?s={search_term_string}\"},\"query-input\":\"required name=search_term_string\"}],\"inLanguage\":\"es-ES\"},{\"@type\":\"Organization\",\"@id\":\"https:\/\/www.uhu.es\/etsi\/#organization\",\"name\":\"UHU ETSI\",\"url\":\"https:\/\/www.uhu.es\/etsi\/\",\"logo\":{\"@type\":\"ImageObject\",\"inLanguage\":\"es-ES\",\"@id\":\"https:\/\/www.uhu.es\/etsi\/#\/schema\/logo\/image\/\",\"url\":\"http:\/\/www.uhu.es\/etsi\/wp-content\/uploads\/2016\/02\/membrete_ETSI.jpg\",\"contentUrl\":\"http:\/\/www.uhu.es\/etsi\/wp-content\/uploads\/2016\/02\/membrete_ETSI.jpg\",\"width\":423,\"height\":81,\"caption\":\"UHU ETSI\"},\"image\":{\"@id\":\"https:\/\/www.uhu.es\/etsi\/#\/schema\/logo\/image\/\"}},{\"@type\":\"Person\",\"@id\":\"https:\/\/www.uhu.es\/etsi\/#\/schema\/person\/0be60ebb90d6eb6178b4e7931aab375b\",\"name\":\"Webmaster ETSI UHU\",\"image\":{\"@type\":\"ImageObject\",\"inLanguage\":\"es-ES\",\"@id\":\"https:\/\/www.uhu.es\/etsi\/#\/schema\/person\/image\/\",\"url\":\"https:\/\/secure.gravatar.com\/avatar\/f9197cc9116f1efc0d73935d997efa0a?s=96&d=mm&r=g\",\"contentUrl\":\"https:\/\/secure.gravatar.com\/avatar\/f9197cc9116f1efc0d73935d997efa0a?s=96&d=mm&r=g\",\"caption\":\"Webmaster ETSI UHU\"},\"sameAs\":[\"http:\/\/www.uhu.es\/etsi\"],\"url\":\"https:\/\/www.uhu.es\/etsi\/author\/webmaster\/\"}]}<\/script>\n<!-- \/ Yoast SEO plugin. -->","yoast_head_json":{"title":"XXIV Foro Universitario de Empleo y Emprendimiento - ETSI, UHU","robots":{"index":"index","follow":"follow","max-snippet":"max-snippet:-1","max-image-preview":"max-image-preview:large","max-video-preview":"max-video-preview:-1"},"canonical":"https:\/\/www.uhu.es\/etsi\/xxiv-foro-universitario-de-empleo-y-emprendimiento\/","og_locale":"es_ES","og_type":"article","og_title":"XXIV Foro Universitario de Empleo y Emprendimiento - ETSI, UHU","og_description":"&#8220;Los pr\u00f3ximos 25 y 26 de noviembre celebraremos el XXIV Foro Universitario de Empleo y Emprendimiento en el Sal\u00f3n de ... Read More","og_url":"https:\/\/www.uhu.es\/etsi\/xxiv-foro-universitario-de-empleo-y-emprendimiento\/","og_site_name":"ETSI, UHU","article_published_time":"2025-11-14T09:34:36+00:00","article_modified_time":"2025-11-14T09:36:29+00:00","og_image":[{"url":"https:\/\/www.uhu.es\/etsi\/wp-content\/uploads\/2025\/11\/canal-flash-xxiv-foro-empleo(2).jpg"}],"author":"Webmaster ETSI UHU","twitter_misc":{"Written by":"Webmaster ETSI UHU","Est. reading time":"1 minute"},"schema":{"@context":"https:\/\/schema.org","@graph":[{"@type":"Article","@id":"https:\/\/www.uhu.es\/etsi\/xxiv-foro-universitario-de-empleo-y-emprendimiento\/#article","isPartOf":{"@id":"https:\/\/www.uhu.es\/etsi\/xxiv-foro-universitario-de-empleo-y-emprendimiento\/"},"author":{"name":"Webmaster ETSI UHU","@id":"https:\/\/www.uhu.es\/etsi\/#\/schema\/person\/0be60ebb90d6eb6178b4e7931aab375b"},"headline":"XXIV Foro Universitario de Empleo y Emprendimiento","datePublished":"2025-11-14T09:34:36+00:00","dateModified":"2025-11-14T09:36:29+00:00","mainEntityOfPage":{"@id":"https:\/\/www.uhu.es\/etsi\/xxiv-foro-universitario-de-empleo-y-emprendimiento\/"},"wordCount":121,"publisher":{"@id":"https:\/\/www.uhu.es\/etsi\/#organization"},"articleSection":["Actividades"],"inLanguage":"es-ES"},{"@type":"WebPage","@id":"https:\/\/www.uhu.es\/etsi\/xxiv-foro-universitario-de-empleo-y-emprendimiento\/","url":"https:\/\/www.uhu.es\/etsi\/xxiv-foro-universitario-de-empleo-y-emprendimiento\/","name":"XXIV Foro Universitario de Empleo y Emprendimiento - ETSI, UHU","isPartOf":{"@id":"https:\/\/www.uhu.es\/etsi\/#website"},"datePublished":"2025-11-14T09:34:36+00:00","dateModified":"2025-11-14T09:36:29+00:00","breadcrumb":{"@id":"https:\/\/www.uhu.es\/etsi\/xxiv-foro-universitario-de-empleo-y-emprendimiento\/#breadcrumb"},"inLanguage":"es-ES","potentialAction":[{"@type":"ReadAction","target":["https:\/\/www.uhu.es\/etsi\/xxiv-foro-universitario-de-empleo-y-emprendimiento\/"]}]},{"@type":"BreadcrumbList","@id":"https:\/\/www.uhu.es\/etsi\/xxiv-foro-universitario-de-empleo-y-emprendimiento\/#breadcrumb","itemListElement":[{"@type":"ListItem","position":1,"name":"Portada","item":"https:\/\/www.uhu.es\/etsi\/"},{"@type":"ListItem","position":2,"name":"XXIV Foro Universitario de Empleo y Emprendimiento"}]},{"@type":"WebSite","@id":"https:\/\/www.uhu.es\/etsi\/#website","url":"https:\/\/www.uhu.es\/etsi\/","name":"ETSI, UHU","description":"Escuela T\u00e9cnica Superior de  Ingenier\u00eda de la Universidad de Huelva","publisher":{"@id":"https:\/\/www.uhu.es\/etsi\/#organization"},"potentialAction":[{"@type":"SearchAction","target":{"@type":"EntryPoint","urlTemplate":"https:\/\/www.uhu.es\/etsi\/?s={search_term_string}"},"query-input":"required name=search_term_string"}],"inLanguage":"es-ES"},{"@type":"Organization","@id":"https:\/\/www.uhu.es\/etsi\/#organization","name":"UHU ETSI","url":"https:\/\/www.uhu.es\/etsi\/","logo":{"@type":"ImageObject","inLanguage":"es-ES","@id":"https:\/\/www.uhu.es\/etsi\/#\/schema\/logo\/image\/","url":"http:\/\/www.uhu.es\/etsi\/wp-content\/uploads\/2016\/02\/membrete_ETSI.jpg","contentUrl":"http:\/\/www.uhu.es\/etsi\/wp-content\/uploads\/2016\/02\/membrete_ETSI.jpg","width":423,"height":81,"caption":"UHU ETSI"},"image":{"@id":"https:\/\/www.uhu.es\/etsi\/#\/schema\/logo\/image\/"}},{"@type":"Person","@id":"https:\/\/www.uhu.es\/etsi\/#\/schema\/person\/0be60ebb90d6eb6178b4e7931aab375b","name":"Webmaster ETSI UHU","image":{"@type":"ImageObject","inLanguage":"es-ES","@id":"https:\/\/www.uhu.es\/etsi\/#\/schema\/person\/image\/","url":"https:\/\/secure.gravatar.com\/avatar\/f9197cc9116f1efc0d73935d997efa0a?s=96&d=mm&r=g","contentUrl":"https:\/\/secure.gravatar.com\/avatar\/f9197cc9116f1efc0d73935d997efa0a?s=96&d=mm&r=g","caption":"Webmaster ETSI UHU"},"sameAs":["http:\/\/www.uhu.es\/etsi"],"url":"https:\/\/www.uhu.es\/etsi\/author\/webmaster\/"}]}},"_links":{"self":[{"href":"https:\/\/www.uhu.es\/etsi\/wp-json\/wp\/v2\/posts\/25652"}],"collection":[{"href":"https:\/\/www.uhu.es\/etsi\/wp-json\/wp\/v2\/posts"}],"about":[{"href":"https:\/\/www.uhu.es\/etsi\/wp-json\/wp\/v2\/types\/post"}],"author":[{"embeddable":true,"href":"https:\/\/www.uhu.es\/etsi\/wp-json\/wp\/v2\/users\/7"}],"replies":[{"embeddable":true,"href":"https:\/\/www.uhu.es\/etsi\/wp-json\/wp\/v2\/comments?post=25652"}],"version-history":[{"count":3,"href":"https:\/\/www.uhu.es\/etsi\/wp-json\/wp\/v2\/posts\/25652\/revisions"}],"predecessor-version":[{"id":25658,"href":"https:\/\/www.uhu.es\/etsi\/wp-json\/wp\/v2\/posts\/25652\/revisions\/25658"}],"wp:attachment":[{"href":"https:\/\/www.uhu.es\/etsi\/wp-json\/wp\/v2\/media?parent=25652"}],"wp:term":[{"taxonomy":"category","embeddable":true,"href":"https:\/\/www.uhu.es\/etsi\/wp-json\/wp\/v2\/categories?post=25652"},{"taxonomy":"post_tag","embeddable":true,"href":"https:\/\/www.uhu.es\/etsi\/wp-json\/wp\/v2\/tags?post=25652"}],"curies":[{"name":"wp","href":"https:\/\/api.w.org\/{rel}","templated":true}]}}