{"id":9633,"date":"2015-06-26T11:25:32","date_gmt":"2015-06-26T11:25:32","guid":{"rendered":"http:\/\/www.uhu.es\/etsi\/?p=9633"},"modified":"2015-06-26T11:26:19","modified_gmt":"2015-06-26T11:26:19","slug":"graduacion-de-grado-en-ingenieria-agricola-y-electrica","status":"publish","type":"post","link":"https:\/\/www.uhu.es\/etsi\/graduacion-de-grado-en-ingenieria-agricola-y-electrica\/","title":{"rendered":"Graduaci\u00f3n de Grado en Ingenier\u00eda Agr\u00edcola y El\u00e9ctrica"},"content":{"rendered":"<p>Los d\u00edas 26 y 27 tendr\u00e1n lugar las graduaciones de los alumnos de Grado en Ingenier\u00eda Agr\u00edcola y Grado en Ingenier\u00eda El\u00e9ctrica respectivamente.<\/p>\n<p>El horario es el siguiente:<\/p>\n<p>Viernes 18:30 Grado en Ingenier\u00eda Agr\u00edcola<span class=\"text_exposed_show\"><br \/>\nS\u00e1bado 11:30 Grado en Ingenier\u00eda El\u00e9ctrica<\/span><\/p>\n","protected":false},"excerpt":{"rendered":"<p>Los d\u00edas 26 y 27 tendr\u00e1n lugar las graduaciones de los alumnos de Grado en Ingenier\u00eda Agr\u00edcola y Grado en &#8230; <\/p>\n<div><a href=\"https:\/\/www.uhu.es\/etsi\/graduacion-de-grado-en-ingenieria-agricola-y-electrica\/\" class=\"more-link\">Read More<\/a><\/div>\n","protected":false},"author":7,"featured_media":0,"comment_status":"closed","ping_status":"closed","sticky":false,"template":"","format":"standard","meta":[],"categories":[1],"tags":[],"yoast_head":"<!-- This site is optimized with the Yoast SEO plugin v20.2.1 - https:\/\/yoast.com\/wordpress\/plugins\/seo\/ -->\n<title>Graduaci\u00f3n de Grado en Ingenier\u00eda Agr\u00edcola y El\u00e9ctrica - ETSI, UHU<\/title>\n<meta name=\"robots\" content=\"index, follow, max-snippet:-1, max-image-preview:large, max-video-preview:-1\" \/>\n<link rel=\"canonical\" href=\"https:\/\/www.uhu.es\/etsi\/graduacion-de-grado-en-ingenieria-agricola-y-electrica\/\" \/>\n<meta property=\"og:locale\" content=\"es_ES\" \/>\n<meta property=\"og:type\" content=\"article\" \/>\n<meta property=\"og:title\" content=\"Graduaci\u00f3n de Grado en Ingenier\u00eda Agr\u00edcola y El\u00e9ctrica - ETSI, UHU\" \/>\n<meta property=\"og:description\" content=\"Los d\u00edas 26 y 27 tendr\u00e1n lugar las graduaciones de los alumnos de Grado en Ingenier\u00eda Agr\u00edcola y Grado en ... Read More\" \/>\n<meta property=\"og:url\" content=\"https:\/\/www.uhu.es\/etsi\/graduacion-de-grado-en-ingenieria-agricola-y-electrica\/\" \/>\n<meta property=\"og:site_name\" content=\"ETSI, UHU\" \/>\n<meta property=\"article:published_time\" content=\"2015-06-26T11:25:32+00:00\" \/>\n<meta property=\"article:modified_time\" content=\"2015-06-26T11:26:19+00:00\" \/>\n<meta name=\"author\" content=\"Webmaster ETSI UHU\" \/>\n<meta name=\"twitter:label1\" content=\"Written by\" \/>\n\t<meta name=\"twitter:data1\" content=\"Webmaster ETSI UHU\" \/>\n<script type=\"application\/ld+json\" class=\"yoast-schema-graph\">{\"@context\":\"https:\/\/schema.org\",\"@graph\":[{\"@type\":\"Article\",\"@id\":\"https:\/\/www.uhu.es\/etsi\/graduacion-de-grado-en-ingenieria-agricola-y-electrica\/#article\",\"isPartOf\":{\"@id\":\"https:\/\/www.uhu.es\/etsi\/graduacion-de-grado-en-ingenieria-agricola-y-electrica\/\"},\"author\":{\"name\":\"Webmaster ETSI UHU\",\"@id\":\"https:\/\/www.uhu.es\/etsi\/#\/schema\/person\/0be60ebb90d6eb6178b4e7931aab375b\"},\"headline\":\"Graduaci\u00f3n de Grado en Ingenier\u00eda Agr\u00edcola y El\u00e9ctrica\",\"datePublished\":\"2015-06-26T11:25:32+00:00\",\"dateModified\":\"2015-06-26T11:26:19+00:00\",\"mainEntityOfPage\":{\"@id\":\"https:\/\/www.uhu.es\/etsi\/graduacion-de-grado-en-ingenieria-agricola-y-electrica\/\"},\"wordCount\":59,\"publisher\":{\"@id\":\"https:\/\/www.uhu.es\/etsi\/#organization\"},\"inLanguage\":\"es-ES\"},{\"@type\":\"WebPage\",\"@id\":\"https:\/\/www.uhu.es\/etsi\/graduacion-de-grado-en-ingenieria-agricola-y-electrica\/\",\"url\":\"https:\/\/www.uhu.es\/etsi\/graduacion-de-grado-en-ingenieria-agricola-y-electrica\/\",\"name\":\"Graduaci\u00f3n de Grado en Ingenier\u00eda Agr\u00edcola y El\u00e9ctrica - ETSI, UHU\",\"isPartOf\":{\"@id\":\"https:\/\/www.uhu.es\/etsi\/#website\"},\"datePublished\":\"2015-06-26T11:25:32+00:00\",\"dateModified\":\"2015-06-26T11:26:19+00:00\",\"breadcrumb\":{\"@id\":\"https:\/\/www.uhu.es\/etsi\/graduacion-de-grado-en-ingenieria-agricola-y-electrica\/#breadcrumb\"},\"inLanguage\":\"es-ES\",\"potentialAction\":[{\"@type\":\"ReadAction\",\"target\":[\"https:\/\/www.uhu.es\/etsi\/graduacion-de-grado-en-ingenieria-agricola-y-electrica\/\"]}]},{\"@type\":\"BreadcrumbList\",\"@id\":\"https:\/\/www.uhu.es\/etsi\/graduacion-de-grado-en-ingenieria-agricola-y-electrica\/#breadcrumb\",\"itemListElement\":[{\"@type\":\"ListItem\",\"position\":1,\"name\":\"Portada\",\"item\":\"https:\/\/www.uhu.es\/etsi\/\"},{\"@type\":\"ListItem\",\"position\":2,\"name\":\"Graduaci\u00f3n de Grado en Ingenier\u00eda Agr\u00edcola y El\u00e9ctrica\"}]},{\"@type\":\"WebSite\",\"@id\":\"https:\/\/www.uhu.es\/etsi\/#website\",\"url\":\"https:\/\/www.uhu.es\/etsi\/\",\"name\":\"ETSI, UHU\",\"description\":\"Escuela T\u00e9cnica Superior de  Ingenier\u00eda de la Universidad de Huelva\",\"publisher\":{\"@id\":\"https:\/\/www.uhu.es\/etsi\/#organization\"},\"potentialAction\":[{\"@type\":\"SearchAction\",\"target\":{\"@type\":\"EntryPoint\",\"urlTemplate\":\"https:\/\/www.uhu.es\/etsi\/?s={search_term_string}\"},\"query-input\":\"required name=search_term_string\"}],\"inLanguage\":\"es-ES\"},{\"@type\":\"Organization\",\"@id\":\"https:\/\/www.uhu.es\/etsi\/#organization\",\"name\":\"UHU ETSI\",\"url\":\"https:\/\/www.uhu.es\/etsi\/\",\"logo\":{\"@type\":\"ImageObject\",\"inLanguage\":\"es-ES\",\"@id\":\"https:\/\/www.uhu.es\/etsi\/#\/schema\/logo\/image\/\",\"url\":\"http:\/\/www.uhu.es\/etsi\/wp-content\/uploads\/2016\/02\/membrete_ETSI.jpg\",\"contentUrl\":\"http:\/\/www.uhu.es\/etsi\/wp-content\/uploads\/2016\/02\/membrete_ETSI.jpg\",\"width\":423,\"height\":81,\"caption\":\"UHU ETSI\"},\"image\":{\"@id\":\"https:\/\/www.uhu.es\/etsi\/#\/schema\/logo\/image\/\"}},{\"@type\":\"Person\",\"@id\":\"https:\/\/www.uhu.es\/etsi\/#\/schema\/person\/0be60ebb90d6eb6178b4e7931aab375b\",\"name\":\"Webmaster ETSI UHU\",\"image\":{\"@type\":\"ImageObject\",\"inLanguage\":\"es-ES\",\"@id\":\"https:\/\/www.uhu.es\/etsi\/#\/schema\/person\/image\/\",\"url\":\"https:\/\/secure.gravatar.com\/avatar\/f9197cc9116f1efc0d73935d997efa0a?s=96&d=mm&r=g\",\"contentUrl\":\"https:\/\/secure.gravatar.com\/avatar\/f9197cc9116f1efc0d73935d997efa0a?s=96&d=mm&r=g\",\"caption\":\"Webmaster ETSI UHU\"},\"sameAs\":[\"http:\/\/www.uhu.es\/etsi\"],\"url\":\"https:\/\/www.uhu.es\/etsi\/author\/webmaster\/\"}]}<\/script>\n<!-- \/ Yoast SEO plugin. -->","yoast_head_json":{"title":"Graduaci\u00f3n de Grado en Ingenier\u00eda Agr\u00edcola y El\u00e9ctrica - ETSI, UHU","robots":{"index":"index","follow":"follow","max-snippet":"max-snippet:-1","max-image-preview":"max-image-preview:large","max-video-preview":"max-video-preview:-1"},"canonical":"https:\/\/www.uhu.es\/etsi\/graduacion-de-grado-en-ingenieria-agricola-y-electrica\/","og_locale":"es_ES","og_type":"article","og_title":"Graduaci\u00f3n de Grado en Ingenier\u00eda Agr\u00edcola y El\u00e9ctrica - ETSI, UHU","og_description":"Los d\u00edas 26 y 27 tendr\u00e1n lugar las graduaciones de los alumnos de Grado en Ingenier\u00eda Agr\u00edcola y Grado en ... Read More","og_url":"https:\/\/www.uhu.es\/etsi\/graduacion-de-grado-en-ingenieria-agricola-y-electrica\/","og_site_name":"ETSI, UHU","article_published_time":"2015-06-26T11:25:32+00:00","article_modified_time":"2015-06-26T11:26:19+00:00","author":"Webmaster ETSI UHU","twitter_misc":{"Written by":"Webmaster ETSI UHU"},"schema":{"@context":"https:\/\/schema.org","@graph":[{"@type":"Article","@id":"https:\/\/www.uhu.es\/etsi\/graduacion-de-grado-en-ingenieria-agricola-y-electrica\/#article","isPartOf":{"@id":"https:\/\/www.uhu.es\/etsi\/graduacion-de-grado-en-ingenieria-agricola-y-electrica\/"},"author":{"name":"Webmaster ETSI UHU","@id":"https:\/\/www.uhu.es\/etsi\/#\/schema\/person\/0be60ebb90d6eb6178b4e7931aab375b"},"headline":"Graduaci\u00f3n de Grado en Ingenier\u00eda Agr\u00edcola y El\u00e9ctrica","datePublished":"2015-06-26T11:25:32+00:00","dateModified":"2015-06-26T11:26:19+00:00","mainEntityOfPage":{"@id":"https:\/\/www.uhu.es\/etsi\/graduacion-de-grado-en-ingenieria-agricola-y-electrica\/"},"wordCount":59,"publisher":{"@id":"https:\/\/www.uhu.es\/etsi\/#organization"},"inLanguage":"es-ES"},{"@type":"WebPage","@id":"https:\/\/www.uhu.es\/etsi\/graduacion-de-grado-en-ingenieria-agricola-y-electrica\/","url":"https:\/\/www.uhu.es\/etsi\/graduacion-de-grado-en-ingenieria-agricola-y-electrica\/","name":"Graduaci\u00f3n de Grado en Ingenier\u00eda Agr\u00edcola y El\u00e9ctrica - ETSI, UHU","isPartOf":{"@id":"https:\/\/www.uhu.es\/etsi\/#website"},"datePublished":"2015-06-26T11:25:32+00:00","dateModified":"2015-06-26T11:26:19+00:00","breadcrumb":{"@id":"https:\/\/www.uhu.es\/etsi\/graduacion-de-grado-en-ingenieria-agricola-y-electrica\/#breadcrumb"},"inLanguage":"es-ES","potentialAction":[{"@type":"ReadAction","target":["https:\/\/www.uhu.es\/etsi\/graduacion-de-grado-en-ingenieria-agricola-y-electrica\/"]}]},{"@type":"BreadcrumbList","@id":"https:\/\/www.uhu.es\/etsi\/graduacion-de-grado-en-ingenieria-agricola-y-electrica\/#breadcrumb","itemListElement":[{"@type":"ListItem","position":1,"name":"Portada","item":"https:\/\/www.uhu.es\/etsi\/"},{"@type":"ListItem","position":2,"name":"Graduaci\u00f3n de Grado en Ingenier\u00eda Agr\u00edcola y El\u00e9ctrica"}]},{"@type":"WebSite","@id":"https:\/\/www.uhu.es\/etsi\/#website","url":"https:\/\/www.uhu.es\/etsi\/","name":"ETSI, UHU","description":"Escuela T\u00e9cnica Superior de  Ingenier\u00eda de la Universidad de Huelva","publisher":{"@id":"https:\/\/www.uhu.es\/etsi\/#organization"},"potentialAction":[{"@type":"SearchAction","target":{"@type":"EntryPoint","urlTemplate":"https:\/\/www.uhu.es\/etsi\/?s={search_term_string}"},"query-input":"required name=search_term_string"}],"inLanguage":"es-ES"},{"@type":"Organization","@id":"https:\/\/www.uhu.es\/etsi\/#organization","name":"UHU ETSI","url":"https:\/\/www.uhu.es\/etsi\/","logo":{"@type":"ImageObject","inLanguage":"es-ES","@id":"https:\/\/www.uhu.es\/etsi\/#\/schema\/logo\/image\/","url":"http:\/\/www.uhu.es\/etsi\/wp-content\/uploads\/2016\/02\/membrete_ETSI.jpg","contentUrl":"http:\/\/www.uhu.es\/etsi\/wp-content\/uploads\/2016\/02\/membrete_ETSI.jpg","width":423,"height":81,"caption":"UHU ETSI"},"image":{"@id":"https:\/\/www.uhu.es\/etsi\/#\/schema\/logo\/image\/"}},{"@type":"Person","@id":"https:\/\/www.uhu.es\/etsi\/#\/schema\/person\/0be60ebb90d6eb6178b4e7931aab375b","name":"Webmaster ETSI UHU","image":{"@type":"ImageObject","inLanguage":"es-ES","@id":"https:\/\/www.uhu.es\/etsi\/#\/schema\/person\/image\/","url":"https:\/\/secure.gravatar.com\/avatar\/f9197cc9116f1efc0d73935d997efa0a?s=96&d=mm&r=g","contentUrl":"https:\/\/secure.gravatar.com\/avatar\/f9197cc9116f1efc0d73935d997efa0a?s=96&d=mm&r=g","caption":"Webmaster ETSI UHU"},"sameAs":["http:\/\/www.uhu.es\/etsi"],"url":"https:\/\/www.uhu.es\/etsi\/author\/webmaster\/"}]}},"_links":{"self":[{"href":"https:\/\/www.uhu.es\/etsi\/wp-json\/wp\/v2\/posts\/9633"}],"collection":[{"href":"https:\/\/www.uhu.es\/etsi\/wp-json\/wp\/v2\/posts"}],"about":[{"href":"https:\/\/www.uhu.es\/etsi\/wp-json\/wp\/v2\/types\/post"}],"author":[{"embeddable":true,"href":"https:\/\/www.uhu.es\/etsi\/wp-json\/wp\/v2\/users\/7"}],"replies":[{"embeddable":true,"href":"https:\/\/www.uhu.es\/etsi\/wp-json\/wp\/v2\/comments?post=9633"}],"version-history":[{"count":1,"href":"https:\/\/www.uhu.es\/etsi\/wp-json\/wp\/v2\/posts\/9633\/revisions"}],"predecessor-version":[{"id":9634,"href":"https:\/\/www.uhu.es\/etsi\/wp-json\/wp\/v2\/posts\/9633\/revisions\/9634"}],"wp:attachment":[{"href":"https:\/\/www.uhu.es\/etsi\/wp-json\/wp\/v2\/media?parent=9633"}],"wp:term":[{"taxonomy":"category","embeddable":true,"href":"https:\/\/www.uhu.es\/etsi\/wp-json\/wp\/v2\/categories?post=9633"},{"taxonomy":"post_tag","embeddable":true,"href":"https:\/\/www.uhu.es\/etsi\/wp-json\/wp\/v2\/tags?post=9633"}],"curies":[{"name":"wp","href":"https:\/\/api.w.org\/{rel}","templated":true}]}}