{"id":1912,"date":"2019-11-11T16:04:05","date_gmt":"2019-11-11T15:04:05","guid":{"rendered":"http:\/\/www.uhu.es\/rensma\/?p=1912"},"modified":"2019-11-11T16:04:28","modified_gmt":"2019-11-11T15:04:28","slug":"i-seminario-sobre-aplicaciones-biotecnologicas-de-las-microalgas-en-experimentales","status":"publish","type":"post","link":"https:\/\/www.uhu.es\/rensma\/i-seminario-sobre-aplicaciones-biotecnologicas-de-las-microalgas-en-experimentales\/","title":{"rendered":"I Seminario sobre Aplicaciones Biotecnol\u00f3gicas de las Microalgas\u2019 en Experimentales"},"content":{"rendered":"\n<figure class=\"wp-block-image\"><img decoding=\"async\" loading=\"lazy\" width=\"1024\" height=\"329\" src=\"https:\/\/www.uhu.es\/rensma\/wp-content\/uploads\/2019\/11\/UHU_MICROALGAS-1024x329.png\" alt=\"\" class=\"wp-image-1914\" srcset=\"https:\/\/www.uhu.es\/rensma\/wp-content\/uploads\/2019\/11\/UHU_MICROALGAS-1024x329.png 1024w, https:\/\/www.uhu.es\/rensma\/wp-content\/uploads\/2019\/11\/UHU_MICROALGAS-300x96.png 300w, https:\/\/www.uhu.es\/rensma\/wp-content\/uploads\/2019\/11\/UHU_MICROALGAS-768x247.png 768w, https:\/\/www.uhu.es\/rensma\/wp-content\/uploads\/2019\/11\/UHU_MICROALGAS.png 1341w\" sizes=\"(max-width: 1024px) 100vw, 1024px\" \/><\/figure>\n\n\n\n<p><strong>Fuente: CanalUHU<\/strong><\/p>\n\n\n\n<p><strong>Huelva 11 noviembre 2019<\/strong>. La Facultad de Experimentales ha acogido el &#8216;I Seminario sobre Aplicaciones Biotecnol\u00f3gicas de las Microalgas&#8217;, nacido con el doble objetivo de, por una parte, contribuir a enriquecer la oferta de actividades acad\u00e9micas especializadas para estudiantes de la Facultad de Experimentales, y por otra, despertar su curiosidad cient\u00edfica en el \u00e1mbito de las aplicaciones relevantes de las microalgas, microorganismos que ya se encuentran entre los productos saludables de las grandes superficies.<\/p>\n\n\n\n<p>El Seminario, que tendr\u00e1 vocaci\u00f3n de continuidad, en esta primera edici\u00f3n ha ilustrado a los asistentes sobre aspectos relacionados con el cultivo y la producci\u00f3n masiva de las microalgas, su car\u00e1cter de alimento seguro y algunas de sus propiedades \u00fatiles en alimentaci\u00f3n y salud humana, y con su potencial en aplicaciones medioambientales.<\/p>\n\n\n\n<p>En la inauguraci\u00f3n de la jornada, estuvieron presentes el Vicedecano de Ordenaci\u00f3n Acad\u00e9mica de Qu\u00edmica e Infraestructura, Manuel Romero, y las coordinadoras del seminario, In\u00e9s Garbayo y Mar\u00eda Cuaresma, ambas docentes del Departamento de Qu\u00edmica &#8216;Prof. J.C. V\u00edlchez Mart\u00edn&#8217;.<\/p>\n\n\n\n<p>Al final del seminario, los asistentes recibieron como obsequio un libro divulgativo con aportaciones cient\u00edficas de los investigadores que desarrollan su trabajo en CIDERTA, centro que aglutina una notable actividad de investigaci\u00f3n y servicios cient\u00edfico-t\u00e9cnicos a la Universidad y su entorno empresarial. Este libro ha sido concebido desde una perspectiva divulgativa y en \u00e9l han participado miembros y colaboradores del Grupo Biotecnolog\u00eda de Algas de CIDERTA.<\/p>\n\n\n\n<p>La realizaci\u00f3n del seminario y la publicaci\u00f3n del libro han sido posibles gracias al apoyo econ\u00f3mico de la C\u00e1tedra AIQBE de la Universidad de Huelva y del Centro de Investigaci\u00f3n de Recursos Naturales, Salud y Medioambiente (RENSMA) de la Universidad de Huelva.<\/p>\n","protected":false},"excerpt":{"rendered":"<p>Fuente: CanalUHU Huelva 11 noviembre 2019. La Facultad de Experimentales ha acogido el &#8216;I Seminario sobre Aplicaciones Biotecnol\u00f3gicas de las Microalgas&#8217;, nacido con el doble objetivo de, por una parte, contribuir a enriquecer la oferta de actividades acad\u00e9micas especializadas para estudiantes de la Facultad de Experimentales, y por otra, despertar su curiosidad cient\u00edfica en el &hellip;<\/p>\n<p class=\"read-more\"> <a class=\"\" href=\"https:\/\/www.uhu.es\/rensma\/i-seminario-sobre-aplicaciones-biotecnologicas-de-las-microalgas-en-experimentales\/\"> <span class=\"screen-reader-text\">I Seminario sobre Aplicaciones Biotecnol\u00f3gicas de las Microalgas\u2019 en Experimentales<\/span> Leer m\u00e1s &raquo;<\/a><\/p>\n","protected":false},"author":2,"featured_media":1914,"comment_status":"closed","ping_status":"closed","sticky":false,"template":"","format":"standard","meta":{"site-sidebar-layout":"default","site-content-layout":"","ast-site-content-layout":"","site-content-style":"default","site-sidebar-style":"default","ast-global-header-display":"","ast-banner-title-visibility":"","ast-main-header-display":"","ast-hfb-above-header-display":"","ast-hfb-below-header-display":"","ast-hfb-mobile-header-display":"","site-post-title":"","ast-breadcrumbs-content":"","ast-featured-img":"","footer-sml-layout":"","theme-transparent-header-meta":"","adv-header-id-meta":"","stick-header-meta":"","header-above-stick-meta":"","header-main-stick-meta":"","header-below-stick-meta":"","astra-migrate-meta-layouts":"","footnotes":""},"categories":[45],"tags":[],"_links":{"self":[{"href":"https:\/\/www.uhu.es\/rensma\/wp-json\/wp\/v2\/posts\/1912"}],"collection":[{"href":"https:\/\/www.uhu.es\/rensma\/wp-json\/wp\/v2\/posts"}],"about":[{"href":"https:\/\/www.uhu.es\/rensma\/wp-json\/wp\/v2\/types\/post"}],"author":[{"embeddable":true,"href":"https:\/\/www.uhu.es\/rensma\/wp-json\/wp\/v2\/users\/2"}],"replies":[{"embeddable":true,"href":"https:\/\/www.uhu.es\/rensma\/wp-json\/wp\/v2\/comments?post=1912"}],"version-history":[{"count":2,"href":"https:\/\/www.uhu.es\/rensma\/wp-json\/wp\/v2\/posts\/1912\/revisions"}],"predecessor-version":[{"id":2066,"href":"https:\/\/www.uhu.es\/rensma\/wp-json\/wp\/v2\/posts\/1912\/revisions\/2066"}],"wp:featuredmedia":[{"embeddable":true,"href":"https:\/\/www.uhu.es\/rensma\/wp-json\/wp\/v2\/media\/1914"}],"wp:attachment":[{"href":"https:\/\/www.uhu.es\/rensma\/wp-json\/wp\/v2\/media?parent=1912"}],"wp:term":[{"taxonomy":"category","embeddable":true,"href":"https:\/\/www.uhu.es\/rensma\/wp-json\/wp\/v2\/categories?post=1912"},{"taxonomy":"post_tag","embeddable":true,"href":"https:\/\/www.uhu.es\/rensma\/wp-json\/wp\/v2\/tags?post=1912"}],"curies":[{"name":"wp","href":"https:\/\/api.w.org\/{rel}","templated":true}]}}