{"id":2209,"date":"2020-02-19T09:23:10","date_gmt":"2020-02-19T08:23:10","guid":{"rendered":"http:\/\/www.uhu.es\/rensma\/?p=2209"},"modified":"2020-02-19T09:33:18","modified_gmt":"2020-02-19T08:33:18","slug":"el-potencial-de-las-microalgas-a-debate-en-el-ceia3","status":"publish","type":"post","link":"https:\/\/www.uhu.es\/rensma\/el-potencial-de-las-microalgas-a-debate-en-el-ceia3\/","title":{"rendered":"El potencial de las microalgas, a debate en el ceiA3"},"content":{"rendered":"\n<h6 class=\"wp-block-heading\">Un grupo de investigaci\u00f3n profundiza sobre sus propiedades nutritivas y gastron\u00f3micas<\/h6>\n\n\n\n<div class=\"wp-block-image\"><figure class=\"aligncenter is-resized\"><img decoding=\"async\" loading=\"lazy\" src=\"https:\/\/www.uhu.es\/rensma\/wp-content\/uploads\/2020\/02\/1186193_1.jpg\" alt=\"\" class=\"wp-image-2214\" width=\"486\" height=\"443\" srcset=\"https:\/\/www.uhu.es\/rensma\/wp-content\/uploads\/2020\/02\/1186193_1.jpg 972w, https:\/\/www.uhu.es\/rensma\/wp-content\/uploads\/2020\/02\/1186193_1-300x273.jpg 300w, https:\/\/www.uhu.es\/rensma\/wp-content\/uploads\/2020\/02\/1186193_1-768x700.jpg 768w\" sizes=\"(max-width: 486px) 100vw, 486px\" \/><figcaption> Experimento con microalgas. &#8211; C\u00d3RDOBA <\/figcaption><\/figure><\/div>\n\n\n<p style=\"text-align: center;\"><em>Autor\u00eda:<\/em> <em>www.diariocordoba.com<\/em><\/p>\n<hr class=\"small\">\n<p align=\"justify\"><span id=\"TextoNoticia\">El investigador del <strong>grupo &#8216;Biotecnolog\u00eda de Algas&#8217; de la Universidad de Huelva<\/strong> (UHU) y vinculado al <strong>ceiA3 Carlos V\u00edlchez<\/strong> ha participado esta semana en una nueva edici\u00f3n de los seminarios que peri\u00f3dicamente organizan el ceiA3 y la Red Internacional de Innovaci\u00f3n Agroalimentaria Innovagro, donde el ceiA3, a trav\u00e9s de su presidente y <strong>rector de la Universidad de C\u00f3rdoba (UCO), Jos\u00e9 Carlos G\u00f3mez Villamandos<\/strong>, ocupa el cargo de vicepresidente de la regi\u00f3n Europa de la Red desde el a\u00f1o pasado, y en el que el <strong>potencial de las microalgas<\/strong> como suplemento en dietas alimenticias se ha sometido a debate.<\/span><\/p>\n<p align=\"justify\">Seg\u00fan ha indicado el ceiA3 en una nota, este foro, que re\u00fane a expertos de todo el continente americano y europeo, ha servido para reflexionar sobre cuestiones como las propiedades beneficiosas que tienen las <strong>microalgas como suplemento alimenticio<\/strong>; su potencialidad para el desarrollo del sector ganadero, al ser un recurso de producci\u00f3n continua y estable; o sus propiedades incluso para la salud por sus <strong>componentes bioactivos.<\/strong><\/p>\n<p align=\"justify\">Igualmente, se han tratado los factores que pueden condicionar su <strong>demanda en la alimentaci\u00f3n<\/strong> (crecimiento de poblaci\u00f3n, precios del grano, aspectos de seguridad y salud alimentaria y aspectos ambientales). Seg\u00fan ha afirmado V\u00edlchez, \u00ablas microalgas son un recurso natural renovable,<strong> rico en prote\u00edna, vitaminas y minerales<\/strong>, adecuado como suplemento en alimentaci\u00f3n humana y animal\u00bb.<\/p>\n<p align=\"justify\">No obstante, la introducci\u00f3n de estos organismos vivos como un elemento habitual en las dietas a\u00fan <strong>debe superar algunos retos,<\/strong> que el propio investigador plante\u00f3 durante su intervenci\u00f3n en el seminario. \u00abSu aceptaci\u00f3n en los h\u00e1bitos sociales de los consumidores, el abaratamiento en los costes y mejora de producci\u00f3n, el incremento de su presencia en el mercado o el incremento de su presencia en el mercado, son algunos de ellos\u00bb, ha destacado V\u00edlchez.<\/p>\n<p align=\"justify\">Finalmente, y dada la vocaci\u00f3n internacional de este seminario, el investigador ha planteado la oportunidad que podr\u00eda presentar una <strong>colaboraci\u00f3n con Iberoam\u00e9rica en la producci\u00f3n algal<\/strong>, al tratarse de una zona \u00f3ptima por sus condiciones clim\u00e1ticas y otros factores.<\/p>\n<p align=\"justify\">El cient\u00edfico Carlos V\u00edlchez est\u00e1 trabajando actualmente en <strong>dos proyectos que est\u00e1n en su fase final.<\/strong> Uno de ellos denominado &#8216;Adaptaci\u00f3n y geomicrobiolog\u00eda de comunidades microbianas litobi\u00f3nticas en ambientes hiper\u00e1ridos y sus metabolitos: recursos en biotecnolog\u00eda&#8217;, cuyo investigador principal es Jacek Wierzchos del Museo de Ciencias Naturales del CSIC, y que ha sido financiado por el Ministerio de Econom\u00eda, Industria y Competitividad.<\/p>\n<p align=\"justify\">Este, en palabras del investigador, \u00abnos ha permitido aprender y colaborar en el aislamiento y producci\u00f3n, en laboratorio, de microorganismos fotosint\u00e9ticos que habitan<strong> ambientes muy extremos de aridez y temperatura\u00bb.<\/strong><\/p>\n<p align=\"justify\">Los microorganismos capaces de crecer en condiciones de extrema aridez suponen una oportunidad para la generaci\u00f3n de biomasa en ambientes donde la vida es muy dif\u00edcil.<\/p>\n<p align=\"justify\"><strong>El otro proyecto denominado &#8216;Multi-product Integrated bioRefinery of Alga<\/strong>e: from Carbon dioxide and Light Energy to high-value Specialties (Miracles)&#8217;, del que es responsable Hans Reith de la Universidad de Wageningen (Pa\u00edses Bajos), es un trabajo cooperativo con socios de diferentes centros de investigaci\u00f3n y empresas europeos.<\/p>\n<p align=\"justify\">Cualquier aplicaci\u00f3n de las microalgas pasa por su producci\u00f3n sistem\u00e1tica, r\u00e1pida y eficiente. \u00abEl proyecto Miracles ha posibilitado participar en el <strong>desarrollo de metodolog\u00edas novedosas<\/strong> para el cultivo de microalgas, en particular, su producci\u00f3n en reactores de espuma\u00bb, ha asegurado V\u00edlchez.<\/p>\n<p align=\"justify\">\u00abEl uso de surfactantes y de sistemas de cultivo adecuados permite producir biomasa algal en espumas estabilizadas, combinando ahorros de agua y energ\u00eda con una mayor eficiencia en el uso de la luz por parte de las microalgas en el cultivo. Los ahorros en costes energ\u00e9ticos y en el recurso agua son claves para conseguir una producci\u00f3n algal m\u00e1s econ\u00f3mica y sostenible\u00bb, ha apostillado el investigador.<\/p>","protected":false},"excerpt":{"rendered":"<p>Un grupo de investigaci\u00f3n profundiza sobre sus propiedades nutritivas y gastron\u00f3micas Autor\u00eda: www.diariocordoba.com El investigador del grupo &#8216;Biotecnolog\u00eda de Algas&#8217; de la Universidad de Huelva (UHU) y vinculado al ceiA3 Carlos V\u00edlchez ha participado esta semana en una nueva edici\u00f3n de los seminarios que peri\u00f3dicamente organizan el ceiA3 y la Red Internacional de Innovaci\u00f3n Agroalimentaria &hellip;<\/p>\n<p class=\"read-more\"> <a class=\"\" href=\"https:\/\/www.uhu.es\/rensma\/el-potencial-de-las-microalgas-a-debate-en-el-ceia3\/\"> <span class=\"screen-reader-text\">El potencial de las microalgas, a debate en el ceiA3<\/span> Leer m\u00e1s &raquo;<\/a><\/p>\n","protected":false},"author":2,"featured_media":2214,"comment_status":"closed","ping_status":"closed","sticky":false,"template":"","format":"standard","meta":{"site-sidebar-layout":"default","site-content-layout":"","ast-site-content-layout":"","site-content-style":"default","site-sidebar-style":"default","ast-global-header-display":"","ast-banner-title-visibility":"","ast-main-header-display":"","ast-hfb-above-header-display":"","ast-hfb-below-header-display":"","ast-hfb-mobile-header-display":"","site-post-title":"","ast-breadcrumbs-content":"","ast-featured-img":"","footer-sml-layout":"","theme-transparent-header-meta":"","adv-header-id-meta":"","stick-header-meta":"","header-above-stick-meta":"","header-main-stick-meta":"","header-below-stick-meta":"","astra-migrate-meta-layouts":"","footnotes":""},"categories":[45],"tags":[],"_links":{"self":[{"href":"https:\/\/www.uhu.es\/rensma\/wp-json\/wp\/v2\/posts\/2209"}],"collection":[{"href":"https:\/\/www.uhu.es\/rensma\/wp-json\/wp\/v2\/posts"}],"about":[{"href":"https:\/\/www.uhu.es\/rensma\/wp-json\/wp\/v2\/types\/post"}],"author":[{"embeddable":true,"href":"https:\/\/www.uhu.es\/rensma\/wp-json\/wp\/v2\/users\/2"}],"replies":[{"embeddable":true,"href":"https:\/\/www.uhu.es\/rensma\/wp-json\/wp\/v2\/comments?post=2209"}],"version-history":[{"count":5,"href":"https:\/\/www.uhu.es\/rensma\/wp-json\/wp\/v2\/posts\/2209\/revisions"}],"predecessor-version":[{"id":2223,"href":"https:\/\/www.uhu.es\/rensma\/wp-json\/wp\/v2\/posts\/2209\/revisions\/2223"}],"wp:featuredmedia":[{"embeddable":true,"href":"https:\/\/www.uhu.es\/rensma\/wp-json\/wp\/v2\/media\/2214"}],"wp:attachment":[{"href":"https:\/\/www.uhu.es\/rensma\/wp-json\/wp\/v2\/media?parent=2209"}],"wp:term":[{"taxonomy":"category","embeddable":true,"href":"https:\/\/www.uhu.es\/rensma\/wp-json\/wp\/v2\/categories?post=2209"},{"taxonomy":"post_tag","embeddable":true,"href":"https:\/\/www.uhu.es\/rensma\/wp-json\/wp\/v2\/tags?post=2209"}],"curies":[{"name":"wp","href":"https:\/\/api.w.org\/{rel}","templated":true}]}}