{"id":5855,"date":"2022-04-28T11:20:00","date_gmt":"2022-04-28T09:20:00","guid":{"rendered":"https:\/\/www.uhu.es\/rensma\/?p=5855"},"modified":"2024-09-21T11:22:57","modified_gmt":"2024-09-21T09:22:57","slug":"la-medida-de-c-14-con-aceleradores-y-su-aplicacion-a-la-datacion-datacion-por-c14-arqueologia-y-mas-2","status":"publish","type":"post","link":"https:\/\/www.uhu.es\/rensma\/la-medida-de-c-14-con-aceleradores-y-su-aplicacion-a-la-datacion-datacion-por-c14-arqueologia-y-mas-2\/","title":{"rendered":"La medida de C-14 con aceleradores y su aplicaci\u00f3n a la dataci\u00f3n (Dataci\u00f3n por C14: arqueolog\u00eda y m\u00e1s)"},"content":{"rendered":"\n<p>Organizado por el Centro de Investigaci\u00f3n en Recursos Naturales, Salud y Medio Ambiente (<em><strong>RENSMA<\/strong><\/em>), dentro del Plan de acci\u00f3n <\/p>\n\n\n\n<p><strong>Conferenciante:<\/strong> Prof. Francisco Javier Santos Ar\u00e9valo<\/p>\n\n\n\n<p><strong>Seminario:<\/strong> La medida de C-14 con aceleradores y su aplicaci\u00f3n a la dataci\u00f3n (Dataci\u00f3n por C14: arqueolog\u00eda y m\u00e1s)<\/p>\n\n\n\n<p><strong>Fecha y lugar:<\/strong> Lunes, 28 de Abril de 2022, a las 12:00h. Aula de Grados de la Facultad de Ciencias Experimentales  \u00a1Os esperamos!<\/p>\n\n\n\n<figure class=\"wp-block-image size-large\"><img decoding=\"async\" loading=\"lazy\" width=\"1024\" height=\"724\" src=\"https:\/\/www.uhu.es\/rensma\/wp-content\/uploads\/2024\/09\/cartel-F.J.-SANTOS_page-0001-1024x724.jpg\" alt=\"\" class=\"wp-image-5856\" srcset=\"https:\/\/www.uhu.es\/rensma\/wp-content\/uploads\/2024\/09\/cartel-F.J.-SANTOS_page-0001-1024x724.jpg 1024w, https:\/\/www.uhu.es\/rensma\/wp-content\/uploads\/2024\/09\/cartel-F.J.-SANTOS_page-0001-300x212.jpg 300w, https:\/\/www.uhu.es\/rensma\/wp-content\/uploads\/2024\/09\/cartel-F.J.-SANTOS_page-0001-768x543.jpg 768w, https:\/\/www.uhu.es\/rensma\/wp-content\/uploads\/2024\/09\/cartel-F.J.-SANTOS_page-0001-50x35.jpg 50w, https:\/\/www.uhu.es\/rensma\/wp-content\/uploads\/2024\/09\/cartel-F.J.-SANTOS_page-0001-1600x1131.jpg 1600w, https:\/\/www.uhu.es\/rensma\/wp-content\/uploads\/2024\/09\/cartel-F.J.-SANTOS_page-0001-1536x1086.jpg 1536w, https:\/\/www.uhu.es\/rensma\/wp-content\/uploads\/2024\/09\/cartel-F.J.-SANTOS_page-0001.jpg 1755w\" sizes=\"(max-width: 1024px) 100vw, 1024px\" \/><\/figure>\n","protected":false},"excerpt":{"rendered":"<p>Organizado por el Centro de Investigaci\u00f3n en Recursos Naturales, Salud y Medio Ambiente (RENSMA), dentro del Plan de acci\u00f3n Conferenciante: Prof. Francisco Javier Santos Ar\u00e9valo Seminario: La medida de C-14 con aceleradores y su aplicaci\u00f3n a la dataci\u00f3n (Dataci\u00f3n por C14: arqueolog\u00eda y m\u00e1s) Fecha y lugar: Lunes, 28 de Abril de 2022, a las &hellip;<\/p>\n<p class=\"read-more\"> <a class=\"\" href=\"https:\/\/www.uhu.es\/rensma\/la-medida-de-c-14-con-aceleradores-y-su-aplicacion-a-la-datacion-datacion-por-c14-arqueologia-y-mas-2\/\"> <span class=\"screen-reader-text\">La medida de C-14 con aceleradores y su aplicaci\u00f3n a la dataci\u00f3n (Dataci\u00f3n por C14: arqueolog\u00eda y m\u00e1s)<\/span> Leer m\u00e1s &raquo;<\/a><\/p>\n","protected":false},"author":2,"featured_media":5856,"comment_status":"closed","ping_status":"closed","sticky":false,"template":"","format":"standard","meta":{"site-sidebar-layout":"default","site-content-layout":"","ast-site-content-layout":"","site-content-style":"default","site-sidebar-style":"default","ast-global-header-display":"","ast-banner-title-visibility":"","ast-main-header-display":"","ast-hfb-above-header-display":"","ast-hfb-below-header-display":"","ast-hfb-mobile-header-display":"","site-post-title":"","ast-breadcrumbs-content":"","ast-featured-img":"","footer-sml-layout":"","theme-transparent-header-meta":"","adv-header-id-meta":"","stick-header-meta":"","header-above-stick-meta":"","header-main-stick-meta":"","header-below-stick-meta":"","astra-migrate-meta-layouts":"","footnotes":""},"categories":[45,74,16],"tags":[],"_links":{"self":[{"href":"https:\/\/www.uhu.es\/rensma\/wp-json\/wp\/v2\/posts\/5855"}],"collection":[{"href":"https:\/\/www.uhu.es\/rensma\/wp-json\/wp\/v2\/posts"}],"about":[{"href":"https:\/\/www.uhu.es\/rensma\/wp-json\/wp\/v2\/types\/post"}],"author":[{"embeddable":true,"href":"https:\/\/www.uhu.es\/rensma\/wp-json\/wp\/v2\/users\/2"}],"replies":[{"embeddable":true,"href":"https:\/\/www.uhu.es\/rensma\/wp-json\/wp\/v2\/comments?post=5855"}],"version-history":[{"count":1,"href":"https:\/\/www.uhu.es\/rensma\/wp-json\/wp\/v2\/posts\/5855\/revisions"}],"predecessor-version":[{"id":5857,"href":"https:\/\/www.uhu.es\/rensma\/wp-json\/wp\/v2\/posts\/5855\/revisions\/5857"}],"wp:featuredmedia":[{"embeddable":true,"href":"https:\/\/www.uhu.es\/rensma\/wp-json\/wp\/v2\/media\/5856"}],"wp:attachment":[{"href":"https:\/\/www.uhu.es\/rensma\/wp-json\/wp\/v2\/media?parent=5855"}],"wp:term":[{"taxonomy":"category","embeddable":true,"href":"https:\/\/www.uhu.es\/rensma\/wp-json\/wp\/v2\/categories?post=5855"},{"taxonomy":"post_tag","embeddable":true,"href":"https:\/\/www.uhu.es\/rensma\/wp-json\/wp\/v2\/tags?post=5855"}],"curies":[{"name":"wp","href":"https:\/\/api.w.org\/{rel}","templated":true}]}}